{"id":2063,"date":"2024-05-23T09:28:24","date_gmt":"2024-05-23T07:28:24","guid":{"rendered":"https:\/\/cotraportbcn.com\/?p=2063"},"modified":"2024-05-23T09:28:24","modified_gmt":"2024-05-23T07:28:24","slug":"la-congestio-dels-terminals-i-el-relleu-generacional-desafien-als-transportistes-autonoms-del-port-de-barcelona","status":"publish","type":"post","link":"https:\/\/cotraportbcn.com\/ca\/la-congestio-dels-terminals-i-el-relleu-generacional-desafien-als-transportistes-autonoms-del-port-de-barcelona\/","title":{"rendered":"La \u201ccongesti\u00f3 dels terminals i el relleu generacional\u201d desafien als transportistes aut\u00f2noms del port de Barcelona"},"content":{"rendered":"<p>Sintraport\u00a0(Associaci\u00f3\u00a0de\u00a0Transportistes\u00a0Portuaris\u00a0de Barcelona) i\u00a0Cotraport\u00a0(cooperativa de transportistes aut\u00f2noms del port de Barcelona)\u00a0van celebrar el 17 de maig eleccions per a renovar la seva Junta Directiva.<\/p>\n<p>Despr\u00e9s de retirar-se l&#8217;\u00fanica candidatura que es va presentar en els comicis, la junta anterior va revalidar la confian\u00e7a dels transportistes aut\u00f2noms per a seguir un mandat m\u00e9s amb Jorge Fern\u00e1ndez com a president, qui defineix el \u201crelleu generacional i les cues de camions en les terminals\u201d com els majors reptes que ha d&#8217;enfrontar el sector professional del transport.<\/p>\n<p>Com ha expressat el reelegit\u00a0president de\u00a0Sintraport\u00a0i\u00a0Cotraport, el sector del transport\u00a0 terrestre\u00a0afronta una \u201ctempesta perfecta\u201d que s&#8217;evidencia en les \u201ccues de camions en les terminals de contenidors del port de Barcelona\u201d.<\/p>\n<p>Segons ha explicat\u00a0Jorge Fern\u00e1ndez, les cues es deurien a l&#8217;augment dels transbords en el recinte catal\u00e0, a la jubilaci\u00f3 de molts estibadors i al proc\u00e9s d&#8217;aprenentatge dels nous, problemes que se sumarien a \u201cla gran quantitat de camions que som per a les infraestructures que hi ha ara\u201d.<\/p>\n<p>A m\u00e9s, el president de\u00a0Sintraport\u00a0i\u00a0Cotraport\u00a0esmenta el repte de trobar a nous transportistes. En aquest sentit, Jorge Fern\u00e1ndez avisa que \u201cen cinc o deu anys tindrem un problema, i aix\u00f2 \u00e9s ja\u201d.<\/p>\n<p>El president de l&#8217;associaci\u00f3 i la cooperativa de transportistes adverteix que \u201chi ha conductors que prefereixen treballar fora del port, alguna cosa que no havia passat mai abans, i estic parlant de pesos pesants del sector\u201d.<\/p>\n<p>Aix\u00ed mateix, Jorge Fern\u00e1ndez suggereix que \u201cd&#8217;aqu\u00ed a res, es pot donar la casu\u00edstica que no trobem conductors per a fer transport portuari perqu\u00e8 prefereixen treballar fora, donades les condicions laborals actuals\u201d. Segons el president de\u00a0Sintraport\u00a0i\u00a0Cotraport, actualment, l&#8217;edat mitjana dels xofers rondaria els 55 anys. \u201cEn l&#8217;\u00faltim any, ha pujat dos anys, i en els pr\u00f2xims deu, es jubilaran molts conductors\u201d, lamenta.<\/p>\n<p>Fern\u00e1ndez explica que ja han posat en coneixement de Ports de l&#8217;Estat i el port de Barcelona aquest repte al qual s&#8217;enfronta el sector.<\/p>\n<p>Finalment, els\u00a0transportistes aut\u00f2noms del port de Barcelona\u00a0assumeixen que la reducci\u00f3 de la petjada de carboni \u201c\u00e9s una de les nostres prioritats\u201d. Per a aix\u00f2, busquen impulsar la instal\u00b7laci\u00f3 d&#8217;un\u00a0parc fotovoltaic\u00a0en el\u00a0p\u00e0rquing de camions de\u00a0Sintraport\u00a0i\u00a0Cotraport, un projecte que estaria en negociacions amb el\u00a0Consorci\u00a0de la Zona Franca de Barcelona i CIMALSA.<\/p>\n","protected":false},"excerpt":{"rendered":"<p>Sintraport\u00a0(Associaci\u00f3\u00a0de\u00a0Transportistes\u00a0Portuaris\u00a0de Barcelona) i\u00a0Cotraport\u00a0(cooperativa de transportistes aut\u00f2noms del port de Barcelona)\u00a0van celebrar el 17 de maig eleccions per a renovar la seva Junta Directiva. Despr\u00e9s de retirar-se l&#8217;\u00fanica candidatura que es va presentar en els comicis, la junta anterior va revalidar la confian\u00e7a dels transportistes aut\u00f2noms per a seguir un mandat m\u00e9s amb Jorge Fern\u00e1ndez com [&hellip;]<\/p>\n","protected":false},"author":2,"featured_media":2061,"comment_status":"closed","ping_status":"open","sticky":false,"template":"","format":"standard","meta":{"_acf_changed":false,"footnotes":""},"categories":[14],"tags":[],"class_list":["post-2063","post","type-post","status-publish","format-standard","has-post-thumbnail","hentry","category-sin-categorizar-ca"],"acf":[],"_links":{"self":[{"href":"https:\/\/cotraportbcn.com\/ca\/wp-json\/wp\/v2\/posts\/2063","targetHints":{"allow":["GET"]}}],"collection":[{"href":"https:\/\/cotraportbcn.com\/ca\/wp-json\/wp\/v2\/posts"}],"about":[{"href":"https:\/\/cotraportbcn.com\/ca\/wp-json\/wp\/v2\/types\/post"}],"author":[{"embeddable":true,"href":"https:\/\/cotraportbcn.com\/ca\/wp-json\/wp\/v2\/users\/2"}],"replies":[{"embeddable":true,"href":"https:\/\/cotraportbcn.com\/ca\/wp-json\/wp\/v2\/comments?post=2063"}],"version-history":[{"count":2,"href":"https:\/\/cotraportbcn.com\/ca\/wp-json\/wp\/v2\/posts\/2063\/revisions"}],"predecessor-version":[{"id":2067,"href":"https:\/\/cotraportbcn.com\/ca\/wp-json\/wp\/v2\/posts\/2063\/revisions\/2067"}],"wp:featuredmedia":[{"embeddable":true,"href":"https:\/\/cotraportbcn.com\/ca\/wp-json\/wp\/v2\/media\/2061"}],"wp:attachment":[{"href":"https:\/\/cotraportbcn.com\/ca\/wp-json\/wp\/v2\/media?parent=2063"}],"wp:term":[{"taxonomy":"category","embeddable":true,"href":"https:\/\/cotraportbcn.com\/ca\/wp-json\/wp\/v2\/categories?post=2063"},{"taxonomy":"post_tag","embeddable":true,"href":"https:\/\/cotraportbcn.com\/ca\/wp-json\/wp\/v2\/tags?post=2063"}],"curies":[{"name":"wp","href":"https:\/\/api.w.org\/{rel}","templated":true}]}}