{"id":1987,"date":"2024-01-19T17:29:54","date_gmt":"2024-01-19T16:29:54","guid":{"rendered":"https:\/\/cotraportbcn.com\/?p=1987"},"modified":"2024-01-19T17:29:54","modified_gmt":"2024-01-19T16:29:54","slug":"resiliencia","status":"publish","type":"post","link":"https:\/\/cotraportbcn.com\/ca\/resiliencia\/","title":{"rendered":"Resili\u00e8ncia"},"content":{"rendered":"<p>No hi ha dubte que en el m\u00f3n ideal e<strong>l ferrocarril seria el mitj\u00e0 de transport terrestre m\u00e9s utilitzat per a moure els contenidors<\/strong> des d&#8217;o cap a les terminals del recinte portuari.<\/p>\n<p>Seguretat, capacitat, fiabilitat, planificaci\u00f3, efici\u00e8ncia energ\u00e8tica s\u00f3n algunes de les caracter\u00edstiques que ho fan partir amb avantatge respecte al transport per carretera.<\/p>\n<div class=\"td-a-rec td-a-rec-id-content_inline tdi_95 td_block_template_1\">\n<div class=\"td-all-devides\"><\/div>\n<\/div>\n<p>A m\u00e9s, ha comptat i continua comptant amb ingents quantitats de diners injectats pels diferents organismes p\u00fablics, seguint les directrius marcades per les pol\u00edtiques de Brussel\u00b7les. Inicialment enfocades a descongestionar les vies de circulaci\u00f3 i en l&#8217;actualitat posant l&#8217;\u00e8mfasi en la descarbonitzaci\u00f3 i sostenibilitat.<\/p>\n<p>No obstant aix\u00f2, en el m\u00f3n real, n&#8217;hi ha prou amb repassar les estad\u00edstiques dels \u00faltims anys per a comprovar que els moviments en aquest mitj\u00e0 de transport en el port de Barcelona segueixen estancats en xifres de fa una d\u00e8cada.<\/p>\n<p>L&#8217;any 2016, la quantitat de teus anuals transportats en ferrocarril respecte a la quantitat total registrada estava al voltant del 10%, (2.236.960 vs 225.966) quan l&#8217;any 2022 aquesta quantitat no va aconseguir aconseguir el 8%. (3.522.944 vs 265.560).<\/p>\n<p>El d\u00e8ficit d&#8217;infraestructures es tradueix en congesti\u00f3 i retards. La capacitat i la falta de flexibilitat en horaris s\u00f3n factors que s\u00f3n observats al detall pel client a l&#8217;hora de decidir que medio utilitzar. La falta de digitalitzaci\u00f3 incideix negativament sobre la tra\u00e7abilitat i control de la mercaderia una vegada \u00e9s lliurada a l&#8217;operador ferroviari.<\/p>\n<p>En definitiva, si la dist\u00e0ncia a rec\u00f3rrer no \u00e9s superior a 500 km o l&#8217;enviament \u00e9s urgent, la decisi\u00f3 continua decantant-se per continuar utilitzant el transport per carretera, molt m\u00e9s flexible i immediat.<\/p>\n<p>Des del punt de vista del transportista aut\u00f2nom, la inicial resignaci\u00f3 i visi\u00f3 pessimista ha anat transformant-se en adaptaci\u00f3 i expectatives davant noves oportunitats, ja que, excepte comptades excepcions d&#8217;instal\u00b7lacions privades de grans operadors, a l&#8217;\u00e9sser el ferrocarril un transport intermodal, sempre necessitar\u00e0 un mitj\u00e0 complementari per a traslladar els contenidors des de la terminal ferrovi\u00e0ria fins al dest\u00ed final o viceversa.<\/p>\n<p>Per sort, per a nosaltres, al voltant d&#8217;un radi de 200 km del port de Barcelona, es concentren centres de producci\u00f3 i de distribuci\u00f3 que necessiten del transport per carretera per als seus enviaments, per la qual cosa l&#8217;impacte que va suposar el creixement inicial del ferrocarril va ser menor que en altres ports de la Pen\u00ednsula.<\/p>\n<p>Mirant el costat positiu, actualment s\u00f3n relativament pocs els trajectes llargs i aix\u00f2 ens permet substituir el llitet de la cabina del cami\u00f3 pel llit en el dormitori de la llar, millorant els aspectes relacionats amb la \u201cconciliaci\u00f3 familiar\u201d, i ho poso entre cometes, ja que \u00e9s freq\u00fcent, que si es vol tenir una facturaci\u00f3 acceptable que ens permeti cobrir les despeses, s&#8217;hagi d&#8217;estar disponible 14 hores di\u00e0ries.<\/p>\n<figure class=\"wp-block-image size-full\"><img loading=\"lazy\" decoding=\"async\" class=\"wp-image-104981\" src=\"https:\/\/www.diarioelcanal.com\/wp-content\/uploads\/2023\/12\/AERIES-PORT-DE-BARCELONA-190-min.jpg\" sizes=\"auto, (max-width: 800px) 100vw, 800px\" srcset=\"https:\/\/www.diarioelcanal.com\/wp-content\/uploads\/2023\/12\/AERIES-PORT-DE-BARCELONA-190-min.jpg 800w, https:\/\/www.diarioelcanal.com\/wp-content\/uploads\/2023\/12\/AERIES-PORT-DE-BARCELONA-190-min-300x200.jpg 300w, https:\/\/www.diarioelcanal.com\/wp-content\/uploads\/2023\/12\/AERIES-PORT-DE-BARCELONA-190-min-768x512.jpg 768w, https:\/\/www.diarioelcanal.com\/wp-content\/uploads\/2023\/12\/AERIES-PORT-DE-BARCELONA-190-min-500x333.jpg 500w, https:\/\/www.diarioelcanal.com\/wp-content\/uploads\/2023\/12\/AERIES-PORT-DE-BARCELONA-190-min-600x400.jpg 600w, https:\/\/www.diarioelcanal.com\/wp-content\/uploads\/2023\/12\/AERIES-PORT-DE-BARCELONA-190-min-696x464.jpg 696w, https:\/\/www.diarioelcanal.com\/wp-content\/uploads\/2023\/12\/AERIES-PORT-DE-BARCELONA-190-min-630x420.jpg 630w\" alt=\"\" width=\"800\" height=\"533\" \/><figcaption class=\"wp-element-caption\"><\/figcaption><\/figure>\n<p>Els reptes als quals s&#8217;enfronta el transport per carretera en els pr\u00f2xims anys s\u00f3n molts: la digitalitzaci\u00f3, la formaci\u00f3 i la transici\u00f3 energ\u00e8tica<\/p>\n<p>Fa escassament un mes, el canvi de sistema en una de les terminals ha posat en evid\u00e8ncia la necessitat de revisar els procediments establerts en la generaci\u00f3 de documentaci\u00f3 i ser m\u00e9s exigents i rigorosos en els filtres, a fi d&#8217;evitar que les males praxis d&#8217;uns i la inefici\u00e8ncia d&#8217;uns altres, es converteixin en problemes que sempre acabem suportant els transportistes i la instal\u00b7laci\u00f3 implicada, quan aquest transport es duu a terme. Cal aprofitar les noves tecnologies per a simplificar i millorar els procediments, dotant-los de m\u00e9s transpar\u00e8ncia i tra\u00e7abilitat.<\/p>\n<p>Quant a la formaci\u00f3, hem de ser m\u00e9s exigents amb nosaltres mateixos i posar en valor la nostra professi\u00f3. Tot en el nostre entorn s\u00f3n instal\u00b7lacions estrat\u00e8giques, i conseg\u00fcentment necessiten que l&#8217;usuari conegui els seus plans de prevenci\u00f3, d&#8217;emerg\u00e8ncia, processos de funcionament, etc. I aix\u00f2 es pot aconseguir exigint una formaci\u00f3 i acreditaci\u00f3 que demostri que s&#8217;est\u00e0 capacitat per a exercir un servei sense posar en risc la seguretat pr\u00f2pia i la dels altres.<\/p>\n<p>Finalment, quant a la transici\u00f3 energ\u00e8tica, no ser\u00e0 f\u00e0cil l&#8217;acc\u00e9s al vehicle zero emissions, i segurament el transportista aut\u00f2nom ser\u00e0 dels \u00faltims a poder accedir a aquest. El cam\u00ed que rec\u00f3rrer ser\u00e0 llarg i incert. Els alts costos d&#8217;adquisici\u00f3, les escasses ajudes i les insuficients infraestructures auxiliars, s\u00f3n barreres que no ens ho posaran f\u00e0cil, per\u00f2 al final arribarem.<\/p>\n<p>No, el ferrocarril no ens ha de preocupar. Igual \u00e9s aquest mitj\u00e0 de transport el que haur\u00e0 d&#8217;anar mirant de re\u00fcll quan anem incorporant vehicles zero emissions i puguem estar en disposici\u00f3 de recuperar serveis que una vegada deixem de realitzar.<\/p>\n<p>Postdata: Ara \u00e9s quan introdueixo aquest exemplar en una c\u00e0psula del temps, el guardo en la prestatgeria de l&#8217;oficina i espero fins a desembre del 2033 per a veure com ha envellit.<\/p>\n","protected":false},"excerpt":{"rendered":"<p>No hi ha dubte que en el m\u00f3n ideal el ferrocarril seria el mitj\u00e0 de transport terrestre m\u00e9s utilitzat per a moure els contenidors des d&#8217;o cap a les terminals del recinte portuari. Seguretat, capacitat, fiabilitat, planificaci\u00f3, efici\u00e8ncia energ\u00e8tica s\u00f3n algunes de les caracter\u00edstiques que ho fan partir amb avantatge respecte al transport per carretera. [&hellip;]<\/p>\n","protected":false},"author":2,"featured_media":1978,"comment_status":"closed","ping_status":"open","sticky":false,"template":"","format":"standard","meta":{"_acf_changed":false,"footnotes":""},"categories":[14],"tags":[],"class_list":["post-1987","post","type-post","status-publish","format-standard","has-post-thumbnail","hentry","category-sin-categorizar-ca"],"acf":[],"_links":{"self":[{"href":"https:\/\/cotraportbcn.com\/ca\/wp-json\/wp\/v2\/posts\/1987","targetHints":{"allow":["GET"]}}],"collection":[{"href":"https:\/\/cotraportbcn.com\/ca\/wp-json\/wp\/v2\/posts"}],"about":[{"href":"https:\/\/cotraportbcn.com\/ca\/wp-json\/wp\/v2\/types\/post"}],"author":[{"embeddable":true,"href":"https:\/\/cotraportbcn.com\/ca\/wp-json\/wp\/v2\/users\/2"}],"replies":[{"embeddable":true,"href":"https:\/\/cotraportbcn.com\/ca\/wp-json\/wp\/v2\/comments?post=1987"}],"version-history":[{"count":1,"href":"https:\/\/cotraportbcn.com\/ca\/wp-json\/wp\/v2\/posts\/1987\/revisions"}],"predecessor-version":[{"id":1989,"href":"https:\/\/cotraportbcn.com\/ca\/wp-json\/wp\/v2\/posts\/1987\/revisions\/1989"}],"wp:featuredmedia":[{"embeddable":true,"href":"https:\/\/cotraportbcn.com\/ca\/wp-json\/wp\/v2\/media\/1978"}],"wp:attachment":[{"href":"https:\/\/cotraportbcn.com\/ca\/wp-json\/wp\/v2\/media?parent=1987"}],"wp:term":[{"taxonomy":"category","embeddable":true,"href":"https:\/\/cotraportbcn.com\/ca\/wp-json\/wp\/v2\/categories?post=1987"},{"taxonomy":"post_tag","embeddable":true,"href":"https:\/\/cotraportbcn.com\/ca\/wp-json\/wp\/v2\/tags?post=1987"}],"curies":[{"name":"wp","href":"https:\/\/api.w.org\/{rel}","templated":true}]}}